{"id":226688,"date":"2026-04-29T11:00:13","date_gmt":"2026-04-29T09:00:13","guid":{"rendered":"https:\/\/blackouthiphop.com\/blog\/?p=226688"},"modified":"2026-04-28T17:53:46","modified_gmt":"2026-04-28T15:53:46","slug":"dielpi-najavljuje-novi-album-spotom-za-pjesmu-slava-i-cast","status":"publish","type":"post","link":"https:\/\/blackouthiphop.com\/blog\/dielpi-najavljuje-novi-album-spotom-za-pjesmu-slava-i-cast\/","title":{"rendered":"DieLPi najavljuje novi album spotom za pjesmu &#8220;Slava i \u010dast&#8221;"},"content":{"rendered":"<p>Prvi hrvatski duhovni rap album &#8211; &#8220;<strong>Molitveni rap<\/strong>&#8221; je pred vratima i bit \u0107e objavljen u svibnju. <strong>Dinko Ledi\u0107-Puri\u0107<\/strong>, umjetni\u010dkog imena <strong>DieLPi<\/strong> nam ga najavljuje spotom za pjesmu &#8220;<strong>Slava i \u010dast<\/strong>&#8220;.<\/p>\n<p><iframe width=\"100%\" height=\"500\" \nsrc=\"https:\/\/www.youtube.com\/embed\/EBwVrsXhtQU\" \ntitle=\"YouTube video player\" \nframeborder=\"0\" \nallow=\"accelerometer; autoplay; clipboard-write; encrypted-media; gyroscope; picture-in-picture; web-share\" \nallowfullscreen><br \/>\n<\/iframe><\/p>\n<p>\u201cNa pjesmi i spotu radila je uigrana ekipa. Blagoslov je raditi s takvim ljudinama jer uz njih rastem u ljudskom i profesionalnom smislu. Ovaj put posebno \u017eelim staviti naglasak na <strong>Dinka Bo\u0161njaka<\/strong>, moga imenjaka, s kojim mi je na svim razinama u\u017eitak raditi. Ustrajao je na tome da svaki detalj spota bude pripremljen i ostvaren na najvi\u0161oj razini. Poticao me svojom profesionalno\u0161\u0107u i inicijativom da izvu\u010dem najbolje iz sebe kako bismo mogli biti ponosni na krajnji rezultat koji vam sada s velikom rado\u0161\u0107u \u017eelimo predstaviti. Jedna od oporu\u010dnih misli sv. Majke Terezije je da svatko tko nam do\u0111e od nas ode bolji i sretniji. Mislim da \u0107e svatko tko se susretne s ovim spotom, nakon njega biti ba\u0161 takav, bolji i sretniji. Ne mogu, a da ne zahvalim i <strong>Matijasu<\/strong> i svim ostalim ljudima koji su pomogli da ova pjesma i spot ugledaju svjetlo dana. Hvala vam od srca. Znate tko ste.\u201d<\/p>\n<figure id=\"attachment_226691\" aria-describedby=\"caption-attachment-226691\" style=\"width: 2268px\" class=\"wp-caption aligncenter\"><img data-recalc-dims=\"1\" decoding=\"async\" data-attachment-id=\"226691\" data-permalink=\"https:\/\/blackouthiphop.com\/blog\/dielpi-najavljuje-novi-album-spotom-za-pjesmu-slava-i-cast\/sa-snimanja-spota-1\/\" data-orig-file=\"https:\/\/i0.wp.com\/blackouthiphop.com\/blog\/wp-content\/uploads\/2026\/04\/Sa-snimanja-spota-1.jpeg?fit=2268%2C4032&amp;ssl=1\" data-orig-size=\"2268,4032\" data-comments-opened=\"0\" data-image-meta=\"{&quot;aperture&quot;:&quot;0&quot;,&quot;credit&quot;:&quot;&quot;,&quot;camera&quot;:&quot;&quot;,&quot;caption&quot;:&quot;&quot;,&quot;created_timestamp&quot;:&quot;0&quot;,&quot;copyright&quot;:&quot;&quot;,&quot;focal_length&quot;:&quot;0&quot;,&quot;iso&quot;:&quot;0&quot;,&quot;shutter_speed&quot;:&quot;0&quot;,&quot;title&quot;:&quot;&quot;,&quot;orientation&quot;:&quot;0&quot;}\" data-image-title=\"Sa snimanja spota 1\" data-image-description=\"&lt;p&gt;Fotografija sa snimanja spota za pesmu &amp;#8220;Slava i \u010dast&amp;#8221;&lt;\/p&gt;\n\" data-image-caption=\"&lt;p&gt;Fotografija sa snimanja spota za pesmu &amp;#8220;Slava i \u010dast&amp;#8221;&lt;\/p&gt;\n\" data-large-file=\"https:\/\/i0.wp.com\/blackouthiphop.com\/blog\/wp-content\/uploads\/2026\/04\/Sa-snimanja-spota-1.jpeg?fit=576%2C1024&amp;ssl=1\" loading=\"lazy\" src=\"https:\/\/i0.wp.com\/blackouthiphop.com\/blog\/wp-content\/uploads\/2026\/04\/Sa-snimanja-spota-1.jpeg?resize=640%2C1138&#038;ssl=1\" alt=\"\" width=\"640\" height=\"1138\" class=\"size-full wp-image-226691\" \/><figcaption id=\"caption-attachment-226691\" class=\"wp-caption-text\">Fotografija sa snimanja spota za pesmu &#8220;Slava i \u010dast&#8221;<\/figcaption><\/figure>\n<p>Za vizualni identitet pobrinuo se, kao i svaki put do sada, <strong>Matija Prli\u0107<\/strong>, a pjesma je snimljena u studiju <strong>Andreja Lon\u010dari\u0107a<\/strong>, koji je bio odgovoran za snimanje, miks i mastering.<\/p>\n<p>Ovim spotom <strong>DieLPi<\/strong> je najavio svoj novi album &#8220;<strong>Molitveni rap<\/strong>&#8221; s kojeg su publici poznate uspje\u0161nice <a href=\"https:\/\/youtu.be\/rdAxqnRGcUM?si=jmk7O-7xzLDuxpTj\" rel=\"noopener\" target=\"_blank\">\u017delim tebe razveseliti<\/a> i <a href=\"https:\/\/youtu.be\/fAbHcTDxIAY?si=rJFBHaIeueO3AXsP\" rel=\"noopener\" target=\"_blank\">Marijo Majko<\/a>. Album \u0107e u cijelosti biti objavljen u svibnju.<\/p>\n<p><img data-recalc-dims=\"1\" decoding=\"async\" data-attachment-id=\"226690\" data-permalink=\"https:\/\/blackouthiphop.com\/blog\/dielpi-najavljuje-novi-album-spotom-za-pjesmu-slava-i-cast\/thumbnail-slava-i-cast\/\" data-orig-file=\"https:\/\/i0.wp.com\/blackouthiphop.com\/blog\/wp-content\/uploads\/2026\/04\/thumbnail-slava-i-cast.png?fit=1280%2C720&amp;ssl=1\" data-orig-size=\"1280,720\" data-comments-opened=\"0\" data-image-meta=\"{&quot;aperture&quot;:&quot;0&quot;,&quot;credit&quot;:&quot;&quot;,&quot;camera&quot;:&quot;&quot;,&quot;caption&quot;:&quot;&quot;,&quot;created_timestamp&quot;:&quot;0&quot;,&quot;copyright&quot;:&quot;&quot;,&quot;focal_length&quot;:&quot;0&quot;,&quot;iso&quot;:&quot;0&quot;,&quot;shutter_speed&quot;:&quot;0&quot;,&quot;title&quot;:&quot;&quot;,&quot;orientation&quot;:&quot;0&quot;}\" data-image-title=\"thumbnail slava i cast\" data-image-description=\"\" data-image-caption=\"\" data-large-file=\"https:\/\/i0.wp.com\/blackouthiphop.com\/blog\/wp-content\/uploads\/2026\/04\/thumbnail-slava-i-cast.png?fit=640%2C360&amp;ssl=1\" loading=\"lazy\" src=\"https:\/\/i0.wp.com\/blackouthiphop.com\/blog\/wp-content\/uploads\/2026\/04\/thumbnail-slava-i-cast.png?resize=640%2C360&#038;ssl=1\" alt=\"\" width=\"640\" height=\"360\" class=\"aligncenter size-full wp-image-226690\" \/><\/p>\n","protected":false},"excerpt":{"rendered":"<p>Prvi hrvatski duhovni rap album &#8211; &#8220;Molitveni rap&#8221; je pred vratima i bit \u0107e objavljen&#8230;<\/p>\n","protected":false},"author":24,"featured_media":0,"comment_status":"closed","ping_status":"open","sticky":false,"template":"","format":"standard","meta":{"nf_dc_page":"","jetpack_post_was_ever_published":false,"cybocfi_hide_featured_image":"","_jetpack_newsletter_access":"","_jetpack_dont_email_post_to_subs":false,"_jetpack_newsletter_tier_id":0,"_jetpack_memberships_contains_paywalled_content":false,"_jetpack_memberships_contains_paid_content":false,"footnotes":""},"categories":[3,5],"tags":[921,923,922],"class_list":["post-226688","post","type-post","status-publish","format-standard","hentry","category-croatia","category-videos","tag-dielpi","tag-molitveni-rep","tag-slava-i-cast"],"aioseo_notices":[],"jetpack_featured_media_url":"","jetpack_shortlink":"https:\/\/wp.me\/pG6fW-WYg","jetpack_sharing_enabled":true,"_links":{"self":[{"href":"https:\/\/blackouthiphop.com\/blog\/wp-json\/wp\/v2\/posts\/226688","targetHints":{"allow":["GET"]}}],"collection":[{"href":"https:\/\/blackouthiphop.com\/blog\/wp-json\/wp\/v2\/posts"}],"about":[{"href":"https:\/\/blackouthiphop.com\/blog\/wp-json\/wp\/v2\/types\/post"}],"author":[{"embeddable":true,"href":"https:\/\/blackouthiphop.com\/blog\/wp-json\/wp\/v2\/users\/24"}],"replies":[{"embeddable":true,"href":"https:\/\/blackouthiphop.com\/blog\/wp-json\/wp\/v2\/comments?post=226688"}],"version-history":[{"count":2,"href":"https:\/\/blackouthiphop.com\/blog\/wp-json\/wp\/v2\/posts\/226688\/revisions"}],"predecessor-version":[{"id":226694,"href":"https:\/\/blackouthiphop.com\/blog\/wp-json\/wp\/v2\/posts\/226688\/revisions\/226694"}],"wp:attachment":[{"href":"https:\/\/blackouthiphop.com\/blog\/wp-json\/wp\/v2\/media?parent=226688"}],"wp:term":[{"taxonomy":"category","embeddable":true,"href":"https:\/\/blackouthiphop.com\/blog\/wp-json\/wp\/v2\/categories?post=226688"},{"taxonomy":"post_tag","embeddable":true,"href":"https:\/\/blackouthiphop.com\/blog\/wp-json\/wp\/v2\/tags?post=226688"}],"curies":[{"name":"wp","href":"https:\/\/api.w.org\/{rel}","templated":true}]}}